{"@context":"https:\/\/schema.org","@type":"Product","name":"Laiendatav must s\u00f6\u00f6gilaud Matilda ja valged buklee kangast toolid Edina (komplekt, \u00f8130cm), GR23533","description":"Laiendatav must s\u00f6\u00f6gilauakomplekt Matilda ja Edina toolidega \u2013 kaasaegne p\u00f5hjamaine stiil\n\nToo oma s\u00f6\u00f6gituppa harmooniat ja elegantsi Matilda laiendatava musta s\u00f6\u00f6gilauakomplektiga, mis \u00fchendab nutika funktsionaalsuse ning ajatult puhta disaini. Komplekti kuulub \u00fcmmargune, 130 cm l\u00e4bim\u00f5\u00f5duga musta MDF-vineeriga kaetud lauaplaadiga s\u00f6\u00f6gilaud ning neli Edina sarja mugavat tooli, mis on t\u00e4ielikult polsterdatud valge buklee-kangaga ja viimistletud mustade metalljalgadega.\n\nLaiendatav must s\u00f6\u00f6gilauakomplekt igaks vajaduseks\n\n  Laiendatav \u00fcmmargune laud: saad muuta laua kiiresti pikemaks ning ovaalseks, kui k\u00fclalisi on rohkem \u2013 ideaalne nii pere\u00f5htus\u00f6\u00f6kideks kui ka suuremateks kogunemisteks.\n  M\u00f5\u00f5dud: laud \u00f8130 cm, k\u00f5rgus 75 cm.\n  Minimalistlik ja vastupidav viimistlus: must MDF-vineerist lauaplaat on tugev, moodne ja lihtne hooldada.\n  Stiilsed Edina toolid: t\u00e4ispolsterdatud istme- ja seljaosaga valgest buklee-kangast, elegantsed mustad metalljalad. M\u00f5\u00f5dud: k\u00f5rgus 77 cm, laius 55 cm, s\u00fcgavu\u2026","url":"https:\/\/blankpage.ee\/_ruumist-ruumi\/pood\/laiendatav-must-soogilaud-matilda-ja-valged-buklee-kangast-toolid-edina-komplekt-o130cm-gr23533\/","image":["https:\/\/blankpage.ee\/_ruumist-ruumi\/wp-content\/uploads\/2025\/05\/Laiendatav_must_soogilaud_Matilda_ja_valged_buklee_kangast_t_exposed_3.webp","https:\/\/blankpage.ee\/_ruumist-ruumi\/wp-content\/uploads\/2025\/05\/Laiendatav_must_soogilaud_Matilda_ja_valged_buklee_kangast_t_exposed_1.webp","https:\/\/blankpage.ee\/_ruumist-ruumi\/wp-content\/uploads\/2025\/05\/Laiendatav_must_soogilaud_Matilda_ja_valged_buklee_kangast_t_exposed_2.webp","https:\/\/blankpage.ee\/_ruumist-ruumi\/wp-content\/uploads\/2025\/05\/Laiendatav_must_soogilaud_Matilda_ja_valged_buklee_kangast_t_exposed_4.webp","https:\/\/blankpage.ee\/_ruumist-ruumi\/wp-content\/uploads\/2025\/05\/Laiendatav_must_soogilaud_Matilda_ja_valged_buklee_kangast_t_mood_1-scaled.webp","https:\/\/blankpage.ee\/_ruumist-ruumi\/wp-content\/uploads\/2025\/05\/Laiendatav_must_soogilaud_Matilda_ja_valged_buklee_kangast_t_mood_2-scaled.webp","https:\/\/blankpage.ee\/_ruumist-ruumi\/wp-content\/uploads\/2025\/05\/Laiendatav_must_soogilaud_Matilda_ja_valged_buklee_kangast_t_mood_3-scaled.webp"],"sku":"GR23533","brand":{"@type":"Brand","name":"Venture Design"},"offers":{"@type":"Offer","priceCurrency":"EUR","price":"923.99","availability":"https:\/\/schema.org\/OutOfStock","itemCondition":"https:\/\/schema.org\/NewCondition","url":"https:\/\/blankpage.ee\/_ruumist-ruumi\/pood\/laiendatav-must-soogilaud-matilda-ja-valged-buklee-kangast-toolid-edina-komplekt-o130cm-gr23533\/","hasMerchantReturnPolicy":{"@type":"MerchantReturnPolicy","@id":"https:\/\/blankpage.ee\/_ruumist-ruumi\/#organization#return-policy","name":"Kauba tagastamise kord","url":"https:\/\/blankpage.ee\/_ruumist-ruumi\/tagastamine\/","returnPolicyCategory":"https:\/\/schema.org\/MerchantReturnFiniteReturnWindow","merchantReturnDays":14,"returnFees":"https:\/\/schema.org\/FreeReturn","inStoreReturnsOffered":false,"applicableCountry":["EE"],"returnMethod":"https:\/\/schema.org\/ReturnByMail"},"seller":{"@id":"https:\/\/blankpage.ee\/_ruumist-ruumi\/#organization"},"eligibleRegion":"EE","shippingDetails":[{"@type":"OfferShippingDetails","shippingDestination":{"@type":"DefinedRegion","addressCountry":"EE"},"shippingRate":{"@type":"MonetaryAmount","value":"0.00","currency":"EUR","name":"Standard tarne"},"deliveryTime":{"@type":"ShippingDeliveryTime","handlingTime":{"@type":"QuantitativeValue","minValue":0,"maxValue":2,"unitCode":"DAY"},"transitTime":{"@type":"QuantitativeValue","minValue":10,"maxValue":15,"unitCode":"DAY"}}}]},"additionalProperty":[{"@type":"PropertyValue","name":"Kollektsioon","value":"Edina"},{"@type":"PropertyValue","name":"Laua tasapinna v\u00e4rvus","value":"Must"},{"@type":"PropertyValue","name":"Tooli v\u00e4rv","value":"Must, Valge"},{"@type":"PropertyValue","name":"Laua v\u00e4rv","value":"Must"},{"@type":"PropertyValue","name":"Laua tasapinna materjal","value":"MDF"},{"@type":"PropertyValue","name":"Kangas","value":"Buklee"},{"@type":"PropertyValue","name":"Tooli materjal","value":"Buklee, Metall, Vaht"},{"@type":"PropertyValue","name":"Laua materjal","value":"MDF"},{"@type":"PropertyValue","name":"M\u00f5\u00f5tmed","value":"Laud: \u2300130 Tool: 56x76x55"},{"@type":"PropertyValue","name":"Laua k\u00f5rgus","value":"75"},{"@type":"PropertyValue","name":"Laua diameeter","value":"130"},{"@type":"PropertyValue","name":"Pakkide arv","value":"5"}],"potentialAction":[{"@type":"AddAction","target":[{"@type":"EntryPoint","urlTemplate":"https:\/\/blankpage.ee\/_ruumist-ruumi\/pood\/laiendatav-must-soogilaud-matilda-ja-valged-buklee-kangast-toolid-edina-komplekt-o130cm-gr23533\/?add-to-cart=193250&quantity={qty}","httpMethod":"GET"},{"@type":"EntryPoint","urlTemplate":"https:\/\/blankpage.ee\/_ruumist-ruumi\/?wc-ajax=add_to_cart&product_id=193250&quantity={qty}","httpMethod":"POST","encodingType":"application\/x-www-form-urlencoded"}]},{"@type":"BuyAction","target":[{"@type":"EntryPoint","urlTemplate":"https:\/\/blankpage.ee\/_ruumist-ruumi\/pood\/laiendatav-must-soogilaud-matilda-ja-valged-buklee-kangast-toolid-edina-komplekt-o130cm-gr23533\/?add-to-cart=193250&quantity={qty}","httpMethod":"GET"},{"@type":"EntryPoint","urlTemplate":"https:\/\/blankpage.ee\/_ruumist-ruumi\/?wc-ajax=add_to_cart&product_id=193250&quantity={qty}","httpMethod":"POST","encodingType":"application\/x-www-form-urlencoded"}]}]}