{"@context":"https:\/\/schema.org","@type":"Product","name":"Vall\u00e5sen mokkatoonis terasest advendilamp erineva k\u00f5rgusega valgustitega (42 \u00d7 27 cm), 20042-103","description":"Mokkatoonis advendilamp Vall\u00e5sen \u2013 p\u00f5hjamaine stiil igasse koju\nStiilne ja oman\u00e4oline mokkatoonis advendilamp Vall\u00e5sen toob igasse interj\u00f6\u00f6ri soojust ja kaasaegset elegantsi. Lambi disain on inspireeritud klassikalisest advendik\u00fc\u00fcnlajalast, kuid moodsas v\u00f5tmes: v\u00e4ikesed valgustid paiknevad erinevatel k\u00f5rgustel ja k\u00f5rgendatud ristk\u00fclikukujulisel alusel, andes ruumile iseloomu ja m\u00e4ngulisust.\n\n  Materjal: Vastupidav teras tagab ajatu ja kvaliteetse v\u00e4limuse.\n  Viimistlus: Kaunis mokkatoon loob hubase, trendika ja p\u00f5hjamaisele kodule sobiva atmosf\u00e4\u00e4ri.\n  M\u00f5\u00f5dud: 42 \u00d7 27 \u00d7 6 cm \u2013 ideaalne nii lauale, aknalauale kui ka riiulile.\n  Kaal: 1,4 kg \u2013 mugavalt teisaldatav vastavalt vajadusele.\n  Disain: Ebaregulaarne advendik\u00fc\u00fcnlajalg on pilkup\u00fc\u00fcdev detail kogu aasta v\u00e4ltel, mitte ainult p\u00fchadeajal.\n\n\nMokkatoonis advendilamp sobib nii t\u00f6\u00f6lauale rahuliku t\u00f6\u00f6keskkonna loomiseks kui ka aknalauale, et tervitada k\u00fclalisi meeldiva valgusega. Selle efektne v\u00e4limus t\u00e4iendab nii modernseid kui ka klassika\u2026","url":"https:\/\/blankpage.ee\/_ruumist-ruumi\/pood\/vallasen-mokkatoonis-terasest-advendilamp-erineva-korgusega-valgustitega-42-x-27-cm-20042-103\/","image":["https:\/\/blankpage.ee\/_ruumist-ruumi\/wp-content\/uploads\/2025\/05\/20042-103_Vallasen_mokkatoonis_terasest_advendilamp_erineva_korgusega__exposed_4.webp","https:\/\/blankpage.ee\/_ruumist-ruumi\/wp-content\/uploads\/2025\/05\/20042-103_Vallasen_mokkatoonis_terasest_advendilamp_erineva_korgusega__exposed_1.webp","https:\/\/blankpage.ee\/_ruumist-ruumi\/wp-content\/uploads\/2025\/05\/20042-103_Vallasen_mokkatoonis_terasest_advendilamp_erineva_korgusega__exposed_2.webp","https:\/\/blankpage.ee\/_ruumist-ruumi\/wp-content\/uploads\/2025\/05\/20042-103_Vallasen_mokkatoonis_terasest_advendilamp_erineva_korgusega__exposed_3.webp","https:\/\/blankpage.ee\/_ruumist-ruumi\/wp-content\/uploads\/2025\/05\/20042-103_Vallasen_mokkatoonis_terasest_advendilamp_erineva_korgusega__exposed_5.webp","https:\/\/blankpage.ee\/_ruumist-ruumi\/wp-content\/uploads\/2025\/05\/20042-103_Vallasen_mokkatoonis_terasest_advendilamp_erineva_korgusega__exposed_6.webp","https:\/\/blankpage.ee\/_ruumist-ruumi\/wp-content\/uploads\/2025\/05\/20042-103_Vallasen_mokkatoonis_terasest_advendilamp_erineva_korgusega__exposed_7.webp","https:\/\/blankpage.ee\/_ruumist-ruumi\/wp-content\/uploads\/2025\/05\/20042-103_Vallasen_mokkatoonis_terasest_advendilamp_erineva_korgusega__mood_1-scaled.webp","https:\/\/blankpage.ee\/_ruumist-ruumi\/wp-content\/uploads\/2025\/05\/20042-103_Vallasen_mokkatoonis_terasest_advendilamp_erineva_korgusega__mood_2-scaled.webp","https:\/\/blankpage.ee\/_ruumist-ruumi\/wp-content\/uploads\/2025\/05\/20042-103_Vallasen_mokkatoonis_terasest_advendilamp_erineva_korgusega__mood_3-scaled.webp"],"sku":"20042-103","brand":{"@type":"Brand","name":"Venture Design"},"offers":{"@type":"Offer","priceCurrency":"EUR","price":"74.99","availability":"https:\/\/schema.org\/InStock","itemCondition":"https:\/\/schema.org\/NewCondition","url":"https:\/\/blankpage.ee\/_ruumist-ruumi\/pood\/vallasen-mokkatoonis-terasest-advendilamp-erineva-korgusega-valgustitega-42-x-27-cm-20042-103\/","hasMerchantReturnPolicy":{"@type":"MerchantReturnPolicy","@id":"https:\/\/blankpage.ee\/_ruumist-ruumi\/#organization#return-policy","name":"Kauba tagastamise kord","url":"https:\/\/blankpage.ee\/_ruumist-ruumi\/tagastamine\/","returnPolicyCategory":"https:\/\/schema.org\/MerchantReturnFiniteReturnWindow","merchantReturnDays":14,"returnFees":"https:\/\/schema.org\/FreeReturn","inStoreReturnsOffered":false,"applicableCountry":["EE"],"returnMethod":"https:\/\/schema.org\/ReturnByMail"},"seller":{"@id":"https:\/\/blankpage.ee\/_ruumist-ruumi\/#organization"},"eligibleRegion":"EE","inventoryLevel":{"@type":"QuantitativeValue","value":61,"unitCode":"EA"},"shippingDetails":[{"@type":"OfferShippingDetails","shippingDestination":{"@type":"DefinedRegion","addressCountry":"EE"},"shippingRate":{"@type":"MonetaryAmount","value":"0.00","currency":"EUR","name":"Standard tarne"},"deliveryTime":{"@type":"ShippingDeliveryTime","handlingTime":{"@type":"QuantitativeValue","minValue":0,"maxValue":2,"unitCode":"DAY"},"transitTime":{"@type":"QuantitativeValue","minValue":10,"maxValue":15,"unitCode":"DAY"}}}]},"additionalProperty":[{"@type":"PropertyValue","name":"Kollektsioon","value":"Vall\u00e5sen"},{"@type":"PropertyValue","name":"V\u00e4rv","value":"Pruun"},{"@type":"PropertyValue","name":"Materjal","value":"PVC, Metall"},{"@type":"PropertyValue","name":"M\u00f5\u00f5tmed","value":"27 x 42"},{"@type":"PropertyValue","name":"Pakkide arv","value":"1"},{"@type":"PropertyValue","name":"Monteerimine","value":"Toode tarnitakse kokkupanduna. Montaa\u017e ei ole vajalik."}],"potentialAction":[{"@type":"AddAction","target":[{"@type":"EntryPoint","urlTemplate":"https:\/\/blankpage.ee\/_ruumist-ruumi\/pood\/vallasen-mokkatoonis-terasest-advendilamp-erineva-korgusega-valgustitega-42-x-27-cm-20042-103\/?add-to-cart=213528&quantity={qty}","httpMethod":"GET"},{"@type":"EntryPoint","urlTemplate":"https:\/\/blankpage.ee\/_ruumist-ruumi\/?wc-ajax=add_to_cart&product_id=213528&quantity={qty}","httpMethod":"POST","encodingType":"application\/x-www-form-urlencoded"}]},{"@type":"BuyAction","target":[{"@type":"EntryPoint","urlTemplate":"https:\/\/blankpage.ee\/_ruumist-ruumi\/pood\/vallasen-mokkatoonis-terasest-advendilamp-erineva-korgusega-valgustitega-42-x-27-cm-20042-103\/?add-to-cart=213528&quantity={qty}","httpMethod":"GET"},{"@type":"EntryPoint","urlTemplate":"https:\/\/blankpage.ee\/_ruumist-ruumi\/?wc-ajax=add_to_cart&product_id=213528&quantity={qty}","httpMethod":"POST","encodingType":"application\/x-www-form-urlencoded"}]}]}