{"@context":"https:\/\/schema.org","@type":"Product","name":"\u00dcmmargune valge abilaud Askim, \u00d848 cm (Vind), 41000-270","description":"Valge \u00fcmmargune abilaud p\u00f5hjamaise stiili austajale\nAskim sari toob sinu koju p\u00f5hjamaise disaini lihtsuse ja praktilisuse. See elegantne valge \u00fcmmargune abilaud sobib suurep\u00e4raselt diivanigrupi k\u00f5rvale elutuppa, voodi k\u00f5rvale magamistuppa v\u00f5i iseseisva sisustuselemendina akna alla \u2013 pakkudes alati mugavat pinda igap\u00e4evaste esemete v\u00f5i dekoratsioonide jaoks.\n\n\n  Viimistlus: Laud on valmistatud kvaliteetsest MDF-plaadist ja naturaalsest vineerist, viimistletud modernse valge peitsiga. Neutraalne toon sobitub kergesti erinevate interj\u00f6\u00f6ridega.\n  Lauaplaat: \u00dcmmargune, l\u00e4bim\u00f5\u00f5duga 48 cm. MDF ja vineeri kooslus tagab vastupidavuse ning toob esile puidu kauni mustrim\u00e4ngu \u2013 iga laud on unikaalne.\n  Lauajalad: Kolm vastupidavat terasjalga, kaetud samuti valge peitsiga. Terasest jalad tagavad stabiilsuse ja kandev\u00f5ime kuni 50 kg.\n  M\u00f5\u00f5dud: K\u00f5rgus 50 cm, diameeter 48 cm. Kaal vaid 4 kg \u2013 nii saad seda vajadusel h\u00f5lpsasti \u00fcmber t\u00f5sta.\n  Kokkupanek: Laud saabub detailidena ning vajab lihtsat kokkup\u2026","url":"https:\/\/blankpage.ee\/_ruumist-ruumi\/pood\/ummargune-valge-abilaud-askim-o48-cm-vind-41000-270\/","image":["https:\/\/blankpage.ee\/_ruumist-ruumi\/wp-content\/uploads\/2025\/05\/41000-270_Ummargune_valge_abilaud_Askim_48_cm_Vind_exposed_1.webp","https:\/\/blankpage.ee\/_ruumist-ruumi\/wp-content\/uploads\/2025\/05\/41000-270_Ummargune_valge_abilaud_Askim_48_cm_Vind_exposed_2.webp","https:\/\/blankpage.ee\/_ruumist-ruumi\/wp-content\/uploads\/2025\/05\/41000-270_Ummargune_valge_abilaud_Askim_48_cm_Vind_exposed_3.webp","https:\/\/blankpage.ee\/_ruumist-ruumi\/wp-content\/uploads\/2025\/05\/41000-270_Ummargune_valge_abilaud_Askim_48_cm_Vind_exposed_4.webp","https:\/\/blankpage.ee\/_ruumist-ruumi\/wp-content\/uploads\/2025\/05\/41000-270_Ummargune_valge_abilaud_Askim_48_cm_Vind_exposed_5.webp","https:\/\/blankpage.ee\/_ruumist-ruumi\/wp-content\/uploads\/2025\/05\/41000-270_Ummargune_valge_abilaud_Askim_48_cm_Vind_exposed_6.webp","https:\/\/blankpage.ee\/_ruumist-ruumi\/wp-content\/uploads\/2025\/05\/41000-270_Ummargune_valge_abilaud_Askim_48_cm_Vind_exposed_7.webp","https:\/\/blankpage.ee\/_ruumist-ruumi\/wp-content\/uploads\/2025\/05\/41000-270_Ummargune_valge_abilaud_Askim_48_cm_Vind_mood_1-scaled.webp","https:\/\/blankpage.ee\/_ruumist-ruumi\/wp-content\/uploads\/2025\/05\/41000-270_Ummargune_valge_abilaud_Askim_48_cm_Vind_mood_2-scaled.webp","https:\/\/blankpage.ee\/_ruumist-ruumi\/wp-content\/uploads\/2025\/05\/41000-270_Ummargune_valge_abilaud_Askim_48_cm_Vind_mood_3-scaled.webp","https:\/\/blankpage.ee\/_ruumist-ruumi\/wp-content\/uploads\/2025\/05\/41000-270_Ummargune_valge_abilaud_Askim_48_cm_Vind_mood_4-scaled.webp"],"sku":"41000-270","brand":{"@type":"Brand","name":"Venture Design"},"offers":{"@type":"Offer","priceCurrency":"EUR","price":"73.99","availability":"https:\/\/schema.org\/InStock","itemCondition":"https:\/\/schema.org\/NewCondition","url":"https:\/\/blankpage.ee\/_ruumist-ruumi\/pood\/ummargune-valge-abilaud-askim-o48-cm-vind-41000-270\/","hasMerchantReturnPolicy":{"@type":"MerchantReturnPolicy","@id":"https:\/\/blankpage.ee\/_ruumist-ruumi\/#organization#return-policy","name":"Kauba tagastamise kord","url":"https:\/\/blankpage.ee\/_ruumist-ruumi\/tagastamine\/","returnPolicyCategory":"https:\/\/schema.org\/MerchantReturnFiniteReturnWindow","merchantReturnDays":14,"returnFees":"https:\/\/schema.org\/FreeReturn","inStoreReturnsOffered":false,"applicableCountry":["EE"],"returnMethod":"https:\/\/schema.org\/ReturnByMail"},"seller":{"@id":"https:\/\/blankpage.ee\/_ruumist-ruumi\/#organization"},"eligibleRegion":"EE","inventoryLevel":{"@type":"QuantitativeValue","value":3,"unitCode":"EA"},"shippingDetails":[{"@type":"OfferShippingDetails","shippingDestination":{"@type":"DefinedRegion","addressCountry":"EE"},"shippingRate":{"@type":"MonetaryAmount","value":"0.00","currency":"EUR","name":"Standard tarne"},"deliveryTime":{"@type":"ShippingDeliveryTime","handlingTime":{"@type":"QuantitativeValue","minValue":0,"maxValue":2,"unitCode":"DAY"},"transitTime":{"@type":"QuantitativeValue","minValue":10,"maxValue":15,"unitCode":"DAY"}}}]},"additionalProperty":[{"@type":"PropertyValue","name":"Kollektsioon","value":"Askim"},{"@type":"PropertyValue","name":"V\u00e4rv","value":"Naturaalne"},{"@type":"PropertyValue","name":"Jalgade v\u00e4rv","value":"Naturaalne"},{"@type":"PropertyValue","name":"Laua tasapinna v\u00e4rvus","value":"Naturaalne"},{"@type":"PropertyValue","name":"Materjal","value":"MDF, Metall"},{"@type":"PropertyValue","name":"Jalgade materjal","value":"Metall"},{"@type":"PropertyValue","name":"Laua tasapinna materjal","value":"MDF"},{"@type":"PropertyValue","name":"M\u00f5\u00f5tmed","value":"\u00f848"},{"@type":"PropertyValue","name":"Pakkide arv","value":"2"},{"@type":"PropertyValue","name":"Monteerimine","value":"Tarnitakse osadena. Vajalik kokkupanek."}],"potentialAction":[{"@type":"AddAction","target":[{"@type":"EntryPoint","urlTemplate":"https:\/\/blankpage.ee\/_ruumist-ruumi\/pood\/ummargune-valge-abilaud-askim-o48-cm-vind-41000-270\/?add-to-cart=219945&quantity={qty}","httpMethod":"GET"},{"@type":"EntryPoint","urlTemplate":"https:\/\/blankpage.ee\/_ruumist-ruumi\/?wc-ajax=add_to_cart&product_id=219945&quantity={qty}","httpMethod":"POST","encodingType":"application\/x-www-form-urlencoded"}]},{"@type":"BuyAction","target":[{"@type":"EntryPoint","urlTemplate":"https:\/\/blankpage.ee\/_ruumist-ruumi\/pood\/ummargune-valge-abilaud-askim-o48-cm-vind-41000-270\/?add-to-cart=219945&quantity={qty}","httpMethod":"GET"},{"@type":"EntryPoint","urlTemplate":"https:\/\/blankpage.ee\/_ruumist-ruumi\/?wc-ajax=add_to_cart&product_id=219945&quantity={qty}","httpMethod":"POST","encodingType":"application\/x-www-form-urlencoded"}]}]}