{"@context":"https:\/\/schema.org","@type":"Product","name":"Ava konverentsitool, hall nahk, k\u00f5rge seljatoega","description":"Ava konverentsitool, hall nahk, k\u00f5rge seljatoega\n\nAva hall nahast konverentsitool \u00fchendab endas elegantse disaini ja ergonoomilise mugavuse, pakkudes stiilset ning praktilist lahendust koosolekuruumidesse ja t\u00f6\u00f6keskkondadesse. Tooli kvaliteetne nahkkate ning kroomitud terasraam tagavad vastupidavuse ja funktsionaalsuse aastateks.\n\nErgonoomiline ja reguleeritav mugavus\n\nK\u00f5rge seljatoega tool toetab optimaalselt kehaasendit, aidates v\u00e4hendada pinget seljal ning \u00f5lgadel. T\u00e4nu reguleeritavale istumisk\u00f5rgusele (44\u201352 cm) saab tooli kohandada vastavalt kasutaja vajadustele, tagades ergonoomilise ja mugava isteasendi kogu t\u00f6\u00f6p\u00e4eva v\u00e4ltel.\n\n360-kraadine p\u00f6\u00f6rlev s\u00fcsteem\n\nAva konverentsitool on varustatud 360-kraadise p\u00f6\u00f6rleva mehhanismiga, mis v\u00f5imaldab kasutajal vabalt ja sujuvalt liikuda. Erinevad alused \u2013 fikseeritud jalad v\u00f5i rattad \u2013 pakuvad paindlikkust nii statsionaarsetele kui ka mobiilsetele t\u00f6\u00f6kohtadele. Fikseeritud jalad annavad suurep\u00e4rase stabiilsuse, samas kui rattad muudavad liik\u2026","url":"https:\/\/blankpage.ee\/_ruumist-ruumi\/pood\/ava-konverentsitool-hall-nahk-korge-seljatoega\/","image":["https:\/\/blankpage.ee\/_ruumist-ruumi\/wp-content\/uploads\/2024\/12\/Ava-konverentsitool-hall-nahk-ja-kroomitud-metallist.jpg","https:\/\/blankpage.ee\/_ruumist-ruumi\/wp-content\/uploads\/2024\/12\/Ava-konverentsitool-hall-nahk-ja-kroomitud-metallist-2.jpg","https:\/\/blankpage.ee\/_ruumist-ruumi\/wp-content\/uploads\/2024\/12\/Ava-konverentsitool-hall-nahk-ja-kroomitud-metallist-3.jpg","https:\/\/blankpage.ee\/_ruumist-ruumi\/wp-content\/uploads\/2024\/12\/Ava-konverentsitool-hall-nahk-ja-kroomitud-metallist-4.jpg","https:\/\/blankpage.ee\/_ruumist-ruumi\/wp-content\/uploads\/2024\/12\/Ava-konverentsitool-hall-nahk-ja-kroomitud-metallist-5.jpg","https:\/\/blankpage.ee\/_ruumist-ruumi\/wp-content\/uploads\/2024\/12\/Ava-konverentsitool-hall-nahk-ja-kroomitud-metallist-6.jpg","https:\/\/blankpage.ee\/_ruumist-ruumi\/wp-content\/uploads\/2024\/12\/Ava-konverentsitool-hall-nahk-ja-kroomitud-metallist-1.jpg"],"sku":"RF104318","offers":{"@type":"Offer","priceCurrency":"EUR","price":"419.99","availability":"https:\/\/schema.org\/InStock","itemCondition":"https:\/\/schema.org\/NewCondition","url":"https:\/\/blankpage.ee\/_ruumist-ruumi\/pood\/ava-konverentsitool-hall-nahk-korge-seljatoega\/","hasMerchantReturnPolicy":{"@type":"MerchantReturnPolicy","@id":"https:\/\/blankpage.ee\/_ruumist-ruumi\/#organization#return-policy","name":"Kauba tagastamise kord","url":"https:\/\/blankpage.ee\/_ruumist-ruumi\/tagastamine\/","returnPolicyCategory":"https:\/\/schema.org\/MerchantReturnFiniteReturnWindow","merchantReturnDays":14,"returnFees":"https:\/\/schema.org\/FreeReturn","inStoreReturnsOffered":false,"applicableCountry":["EE"],"returnMethod":"https:\/\/schema.org\/ReturnByMail"},"seller":{"@id":"https:\/\/blankpage.ee\/_ruumist-ruumi\/#organization"},"eligibleRegion":"EE","shippingDetails":[{"@type":"OfferShippingDetails","shippingDestination":{"@type":"DefinedRegion","addressCountry":"EE"},"shippingRate":{"@type":"MonetaryAmount","value":"0.00","currency":"EUR","name":"Standard tarne"},"deliveryTime":{"@type":"ShippingDeliveryTime","handlingTime":{"@type":"QuantitativeValue","minValue":0,"maxValue":2,"unitCode":"DAY"},"transitTime":{"@type":"QuantitativeValue","minValue":6,"maxValue":12,"unitCode":"DAY"}}}]},"additionalProperty":[{"@type":"PropertyValue","name":"Width","value":59,"unitCode":"CMT"},{"@type":"PropertyValue","name":"Height","value":99,"unitCode":"CMT"},{"@type":"PropertyValue","name":"Length","value":59,"unitCode":"CMT"},{"@type":"PropertyValue","name":"V\u00e4rv","value":"Hall"},{"@type":"PropertyValue","name":"Peamine materjal","value":"Nahk"},{"@type":"PropertyValue","name":"Kollektsioon","value":"Ava"}],"potentialAction":[{"@type":"AddAction","target":[{"@type":"EntryPoint","urlTemplate":"https:\/\/blankpage.ee\/_ruumist-ruumi\/pood\/ava-konverentsitool-hall-nahk-korge-seljatoega\/?add-to-cart=50213&quantity={qty}","httpMethod":"GET"},{"@type":"EntryPoint","urlTemplate":"https:\/\/blankpage.ee\/_ruumist-ruumi\/?wc-ajax=add_to_cart&product_id=50213&quantity={qty}","httpMethod":"POST","encodingType":"application\/x-www-form-urlencoded"}]},{"@type":"BuyAction","target":[{"@type":"EntryPoint","urlTemplate":"https:\/\/blankpage.ee\/_ruumist-ruumi\/pood\/ava-konverentsitool-hall-nahk-korge-seljatoega\/?add-to-cart=50213&quantity={qty}","httpMethod":"GET"},{"@type":"EntryPoint","urlTemplate":"https:\/\/blankpage.ee\/_ruumist-ruumi\/?wc-ajax=add_to_cart&product_id=50213&quantity={qty}","httpMethod":"POST","encodingType":"application\/x-www-form-urlencoded"}]}]}